{"id":12840,"date":"2025-10-28T15:26:32","date_gmt":"2025-10-28T14:26:32","guid":{"rendered":"https:\/\/freightsolution.io\/?p=12840"},"modified":"2025-10-28T15:30:11","modified_gmt":"2025-10-28T14:30:11","slug":"vejtransport-prisstigninger","status":"publish","type":"post","link":"https:\/\/freightsolution.io\/da\/blog\/vejtransport-prisstigninger\/","title":{"rendered":"Prisstigninger p\u00e5 vejtransport fra 1. november"},"content":{"rendered":"\t\t<div data-elementor-type=\"wp-post\" data-elementor-id=\"12840\" class=\"elementor elementor-12840\" data-elementor-post-type=\"post\">\n\t\t\t\t<div class=\"elementor-element elementor-element-2f6a7082 e-con-full e-flex e-con e-child\" data-id=\"2f6a7082\" data-element_type=\"container\" data-e-type=\"container\">\n\t\t<div class=\"elementor-element elementor-element-443eb40f e-flex e-con-boxed e-con e-child\" data-id=\"443eb40f\" data-element_type=\"container\" data-e-type=\"container\">\n\t\t\t\t\t<div class=\"e-con-inner\">\n\t\t\t\t<div class=\"elementor-element elementor-element-4550f1b4 elementor-toc--content-ellipsis elementor-widget__width-initial elementor-widget-tablet__width-inherit elementor-toc--minimized-on-tablet elementor-widget elementor-widget-table-of-contents\" data-id=\"4550f1b4\" data-element_type=\"widget\" data-e-type=\"widget\" data-settings=\"{&quot;marker_view&quot;:&quot;bullets&quot;,&quot;exclude_headings_by_selector&quot;:[],&quot;headings_by_tags&quot;:[&quot;h2&quot;,&quot;h3&quot;],&quot;no_headings_message&quot;:&quot;Der blev ikke fundet nogen overskrifter p\\u00e5 denne side.&quot;,&quot;sticky&quot;:&quot;top&quot;,&quot;sticky_on&quot;:[&quot;desktop&quot;],&quot;sticky_offset&quot;:136,&quot;sticky_parent&quot;:&quot;yes&quot;,&quot;icon&quot;:{&quot;value&quot;:&quot;fas fa-circle&quot;,&quot;library&quot;:&quot;fa-solid&quot;},&quot;minimize_box&quot;:&quot;yes&quot;,&quot;minimized_on&quot;:&quot;tablet&quot;,&quot;hierarchical_view&quot;:&quot;yes&quot;,&quot;min_height&quot;:{&quot;unit&quot;:&quot;px&quot;,&quot;size&quot;:&quot;&quot;,&quot;sizes&quot;:[]},&quot;min_height_tablet&quot;:{&quot;unit&quot;:&quot;px&quot;,&quot;size&quot;:&quot;&quot;,&quot;sizes&quot;:[]},&quot;min_height_mobile&quot;:{&quot;unit&quot;:&quot;px&quot;,&quot;size&quot;:&quot;&quot;,&quot;sizes&quot;:[]},&quot;sticky_effects_offset&quot;:0,&quot;sticky_anchor_link_offset&quot;:0}\" data-widget_type=\"table-of-contents.default\">\n\t\t\t\t<div class=\"elementor-widget-container\">\n\t\t\t\t\t\t\t\t\t<div class=\"elementor-toc__header\">\n\t\t\t\t\t\t<h4 class=\"elementor-toc__header-title\">\n\t\t\t\tIndholdsfortegnelse\t\t\t<\/h4>\n\t\t\t\t\t\t\t\t\t\t<div class=\"elementor-toc__toggle-button elementor-toc__toggle-button--expand\" role=\"button\" tabindex=\"0\" aria-controls=\"elementor-toc__4550f1b4\" aria-expanded=\"true\" aria-label=\"Open table of contents\"><i aria-hidden=\"true\" class=\"fas fa-chevron-down\"><\/i><\/div>\n\t\t\t\t<div class=\"elementor-toc__toggle-button elementor-toc__toggle-button--collapse\" role=\"button\" tabindex=\"0\" aria-controls=\"elementor-toc__4550f1b4\" aria-expanded=\"true\" aria-label=\"Close table of contents\"><i aria-hidden=\"true\" class=\"fas fa-chevron-up\"><\/i><\/div>\n\t\t\t\t\t<\/div>\n\t\t\t\t<div id=\"elementor-toc__4550f1b4\" class=\"elementor-toc__body\">\n\t\t\t<div class=\"elementor-toc__spinner-container\">\n\t\t\t\t<i class=\"elementor-toc__spinner eicon-animation-spin eicon-loading\" aria-hidden=\"true\"><\/i>\t\t\t<\/div>\n\t\t<\/div>\n\t\t\t\t\t\t<\/div>\n\t\t\t\t<\/div>\n\t\t<div class=\"elementor-element elementor-element-7fb798cb e-con-full e-flex e-con e-child\" data-id=\"7fb798cb\" data-element_type=\"container\" data-e-type=\"container\">\n\t\t\t\t<div class=\"elementor-element elementor-element-9a49c74 elementor-widget elementor-widget-heading\" data-id=\"9a49c74\" data-element_type=\"widget\" data-e-type=\"widget\" data-widget_type=\"heading.default\">\n\t\t\t\t<div class=\"elementor-widget-container\">\n\t\t\t\t\t<h2 class=\"elementor-heading-title elementor-size-default\">Hvorfor stiger priserne?<\/h2>\t\t\t\t<\/div>\n\t\t\t\t<\/div>\n\t\t\t\t<div class=\"elementor-element elementor-element-6d5fd74 elementor-widget elementor-widget-text-editor\" data-id=\"6d5fd74\" data-element_type=\"widget\" data-e-type=\"widget\" data-widget_type=\"text-editor.default\">\n\t\t\t\t<div class=\"elementor-widget-container\">\n\t\t\t\t\t\t\t\t\t<p><span style=\"font-weight: 400;\">Stigningerne er ikke tilf\u00e6ldige. De er drevet af flere faktorer:<\/span><\/p><p>\u00a0<\/p><ul><li style=\"font-weight: 400;\" aria-level=\"1\"><b>H\u00f8jere l\u00f8n- og driftsomkostninger<\/b><span style=\"font-weight: 400;\"> \u2013 Transport\u00f8rerne ser stigende omkostninger p\u00e5 tv\u00e6rs af hele Europa, is\u00e6r til personale og daglig drift<br \/><br \/><\/span><\/li><li style=\"font-weight: 400;\" aria-level=\"1\"><b>\u00d8gede milj\u00f8- og vejafgifter<\/b><span style=\"font-weight: 400;\"> \u2013 Flere lande indf\u00f8rer strengere milj\u00f8krav og h\u00f8jere vejafgifter<br \/><br \/><\/span><\/li><li style=\"font-weight: 400;\" aria-level=\"1\"><b>Kapacitetsudfordringer<\/b><span style=\"font-weight: 400;\"> \u2013 Chauff\u00f8rmanglen forts\u00e6tter med at presse markedet<br \/><br \/><\/span><\/li><li style=\"font-weight: 400;\" aria-level=\"1\"><b>Gr\u00f8n omstilling<\/b><span style=\"font-weight: 400;\"> \u2013 Investeringer i emissionsreducerende l\u00f8sninger og b\u00e6redygtig drift koster<\/span><\/li><\/ul>\t\t\t\t\t\t\t\t<\/div>\n\t\t\t\t<\/div>\n\t\t\t\t<div class=\"elementor-element elementor-element-e729ed2 elementor-widget elementor-widget-spacer\" data-id=\"e729ed2\" data-element_type=\"widget\" data-e-type=\"widget\" data-widget_type=\"spacer.default\">\n\t\t\t\t<div class=\"elementor-widget-container\">\n\t\t\t\t\t\t\t<div class=\"elementor-spacer\">\n\t\t\t<div class=\"elementor-spacer-inner\"><\/div>\n\t\t<\/div>\n\t\t\t\t\t\t<\/div>\n\t\t\t\t<\/div>\n\t\t\t\t<div class=\"elementor-element elementor-element-79a1d99c elementor-widget elementor-widget-heading\" data-id=\"79a1d99c\" data-element_type=\"widget\" data-e-type=\"widget\" data-widget_type=\"heading.default\">\n\t\t\t\t<div class=\"elementor-widget-container\">\n\t\t\t\t\t<h3 class=\"elementor-heading-title elementor-size-default\">Hvad kan du forvente?<\/h3>\t\t\t\t<\/div>\n\t\t\t\t<\/div>\n\t\t\t\t<div class=\"elementor-element elementor-element-272160a elementor-widget elementor-widget-text-editor\" data-id=\"272160a\" data-element_type=\"widget\" data-e-type=\"widget\" data-widget_type=\"text-editor.default\">\n\t\t\t\t<div class=\"elementor-widget-container\">\n\t\t\t\t\t\t\t\t\t<p><span style=\"font-weight: 400;\">Baseret p\u00e5 data fra transport\u00f8rer i markedet ser de forventede stigninger s\u00e5dan ud:<\/span><\/p><p>\u00a0<\/p><ul><li style=\"font-weight: 400;\" aria-level=\"1\"><span style=\"font-weight: 400;\">Nationalt (DK-DK): <\/span><b><b>4-5%<br \/><br \/><\/b><\/b><\/li><li style=\"font-weight: 400;\" aria-level=\"1\"><span style=\"font-weight: 400;\">Norden (Sverige, Norge, Finland, Baltikum): <\/span><b><b>7-8%<br \/><br \/><\/b><\/b><\/li><li style=\"font-weight: 400;\" aria-level=\"1\"><span style=\"font-weight: 400;\">Europa (\u00f8vrige lande og cross trade): <\/span><b>5-6%<\/b><\/li><\/ul><p>\u00a0<\/p><p><span style=\"font-weight: 400;\">Andre akt\u00f8rer melder om stigninger p\u00e5 4,8\u20138,8% for import og eksport, s\u00e5 billedet er ret konsistent p\u00e5 tv\u00e6rs af markedet \u2013 ogs\u00e5 hos dem som ikke har udsendt informationen endnu, men er p\u00e5 \u201crygtebasis\u201d.<\/span><\/p><p>\u00a0<\/p><p><span style=\"font-weight: 400;\">Derudover forventes der ogs\u00e5 at komme mindre gebyrjusteringer p\u00e5 blandt andet milj\u00f8till\u00e6g, bookinggebyrer og toldh\u00e5ndtering.<\/span><\/p><p>\u00a0<\/p><p>Der er ogs\u00e5 meldt ud om genindf\u00f8relse af Demand Surcharge (kapacitetstill\u00e6g) p\u00e5 kur\u00e9r. Det kan du<a href=\"https:\/\/freightsolution.io\/blog\/demand-surcharge\/\"> l\u00e6se mere om her, og hvad du kan forvente af stigninger<\/a>.<\/p>\t\t\t\t\t\t\t\t<\/div>\n\t\t\t\t<\/div>\n\t\t\t\t<div class=\"elementor-element elementor-element-53095812 elementor-widget elementor-widget-spacer\" data-id=\"53095812\" data-element_type=\"widget\" data-e-type=\"widget\" data-widget_type=\"spacer.default\">\n\t\t\t\t<div class=\"elementor-widget-container\">\n\t\t\t\t\t\t\t<div class=\"elementor-spacer\">\n\t\t\t<div class=\"elementor-spacer-inner\"><\/div>\n\t\t<\/div>\n\t\t\t\t\t\t<\/div>\n\t\t\t\t<\/div>\n\t\t\t\t<\/div>\n\t\t\t\t\t<\/div>\n\t\t\t\t<\/div>\n\t\t\t\t<\/div>\n\t\t<div class=\"elementor-element elementor-element-4fa4355 e-flex e-con-boxed e-con e-parent\" data-id=\"4fa4355\" data-element_type=\"container\" data-e-type=\"container\" data-settings=\"{&quot;background_background&quot;:&quot;classic&quot;}\">\n\t\t\t\t\t<div class=\"e-con-inner\">\n\t\t<div class=\"elementor-element elementor-element-8f3d55e e-con-full e-flex e-con e-child\" data-id=\"8f3d55e\" data-element_type=\"container\" data-e-type=\"container\" data-settings=\"{&quot;background_background&quot;:&quot;classic&quot;}\">\n\t\t<div class=\"elementor-element elementor-element-481b7bbb e-con-full e-flex e-con e-child\" data-id=\"481b7bbb\" data-element_type=\"container\" data-e-type=\"container\">\n\t\t\t\t<div class=\"elementor-element elementor-element-3a722c20 elementor-widget elementor-widget-image\" data-id=\"3a722c20\" data-element_type=\"widget\" data-e-type=\"widget\" data-widget_type=\"image.default\">\n\t\t\t\t<div class=\"elementor-widget-container\">\n\t\t\t\t\t\t\t\t\t\t\t\t\t\t\t<img decoding=\"async\" src=\"https:\/\/secure.gravatar.com\/avatar\/647391f68f8d56babb5ff74e9737b86a0a4608e6e4666bff9bd78e987a9551d8?s=96&#038;d=mm&#038;r=g\" title=\"\" alt=\"\" loading=\"lazy\" \/>\t\t\t\t\t\t\t\t\t\t\t\t\t\t\t<\/div>\n\t\t\t\t<\/div>\n\t\t\t\t<div class=\"elementor-element elementor-element-28e711e4 elementor-widget elementor-widget-heading\" data-id=\"28e711e4\" data-element_type=\"widget\" data-e-type=\"widget\" data-widget_type=\"heading.default\">\n\t\t\t\t<div class=\"elementor-widget-container\">\n\t\t\t\t\t<div class=\"elementor-heading-title elementor-size-default\"><a href=\"https:\/\/freightsolution.io\/da\/author\/alp7519a393f27f\/\">M\u00f8d specialisten bag dette, Andr\u00e9 Lundberg<\/a><\/div>\t\t\t\t<\/div>\n\t\t\t\t<\/div>\n\t\t\t\t<\/div>\n\t\t\t\t<div class=\"elementor-element elementor-element-39bb1250 elementor-author-box--biography-yes elementor-widget elementor-widget-author-box\" data-id=\"39bb1250\" data-element_type=\"widget\" data-e-type=\"widget\" data-widget_type=\"author-box.default\">\n\t\t\t\t<div class=\"elementor-widget-container\">\n\t\t\t\t\t\t\t<div class=\"elementor-author-box\">\n\t\t\t\n\t\t\t<div class=\"elementor-author-box__text\">\n\t\t\t\t\n\t\t\t\t\t\t\t\t\t<div class=\"elementor-author-box__bio\">\n\t\t\t\t\t\tAndr\u00e9 Lundberg er CEO og Co-Founder af FreightSolution med over 13 \u00e5rs erfaring inden for fragt og logistik.\nHan er uddannet spedit\u00f8r og s\u00e5 har han siddet som b\u00e5de fragtk\u00f8ber og fragts\u00e6lger. Han kender derfor branchen og de udfordringer, man sidder med, fra begge sider af skrivebordet.\nDagligt h\u00f8rer han om fragtmarkedet fra b\u00e5de logistikansvarlige, transport\u00f8rer og samarbejdspartnere. Men han er ogs\u00e5 den, der har n\u00e6sen l\u00e6ngst nede i vores data, der d\u00e6kker fragtomkostninger p\u00e5 tv\u00e6rs af +220 transport\u00f8rer og +16 lande. Han ved derfor altid, hvad der r\u00f8rer sig p\u00e5 markedet.\nAndr\u00e9 holder regelm\u00e6ssigt opl\u00e6g b\u00e5de internt og eksternt. Her har han holdt opl\u00e6g hos Erhvervshus Holstebro, Erhvervsr\u00e5det Herning &amp; Ikast-Brande samt for studerende p\u00e5 disponentuddannelsen.\t\t\t\t\t<\/div>\n\t\t\t\t\n\t\t\t\t\t\t\t<\/div>\n\t\t<\/div>\n\t\t\t\t\t\t<\/div>\n\t\t\t\t<\/div>\n\t\t\t\t<\/div>\n\t\t\t\t\t<\/div>\n\t\t\t\t<\/div>\n\t\t<div class=\"elementor-element elementor-element-eb43626 e-flex e-con-boxed e-con e-parent\" data-id=\"eb43626\" data-element_type=\"container\" data-e-type=\"container\">\n\t\t\t\t\t<div class=\"e-con-inner\">\n\t\t\t\t<div class=\"elementor-element elementor-element-c568729 elementor-widget-divider--view-line elementor-widget elementor-widget-divider\" data-id=\"c568729\" data-element_type=\"widget\" data-e-type=\"widget\" data-widget_type=\"divider.default\">\n\t\t\t\t<div class=\"elementor-widget-container\">\n\t\t\t\t\t\t\t<div class=\"elementor-divider\">\n\t\t\t<span class=\"elementor-divider-separator\">\n\t\t\t\t\t\t<\/span>\n\t\t<\/div>\n\t\t\t\t\t\t<\/div>\n\t\t\t\t<\/div>\n\t\t\t\t\t<\/div>\n\t\t\t\t<\/div>\n\t\t\t\t<\/div>\n\t\t","protected":false},"excerpt":{"rendered":"<p>Fra 1. november 2025 kommer flere transport\u00f8rer med prisstigniner p\u00e5 vejtransport i hele Europa. Lad os tage et kig p\u00e5, hvad der ligger bag, og hvad det betyder for dig.<\/p>\n","protected":false},"author":236854161,"featured_media":11304,"comment_status":"closed","ping_status":"open","sticky":false,"template":"","format":"standard","meta":{"_acf_changed":false,"_jetpack_memberships_contains_paid_content":false,"footnotes":""},"categories":[26337],"tags":[26355],"class_list":["post-12840","post","type-post","status-publish","format-standard","has-post-thumbnail","hentry","category-blog","tag-logistik","entry"],"acf":[],"yoast_head":"<!-- This site is optimized with the Yoast SEO plugin v27.4 - https:\/\/yoast.com\/product\/yoast-seo-wordpress\/ -->\n<title>Prisstigninger p\u00e5 vejtransport fra 1. november<\/title>\n<meta name=\"robots\" content=\"index, follow, max-snippet:-1, max-image-preview:large, max-video-preview:-1\" \/>\n<link rel=\"canonical\" href=\"https:\/\/freightsolution.io\/da\/blog\/vejtransport-prisstigninger\/\" \/>\n<meta property=\"og:locale\" content=\"da_DK\" \/>\n<meta property=\"og:type\" content=\"article\" \/>\n<meta property=\"og:title\" content=\"Prisstigninger p\u00e5 vejtransport fra 1. november\" \/>\n<meta property=\"og:description\" content=\"Fra 1. november 2025 kommer flere transport\u00f8rer med prisstigniner p\u00e5 vejtransport i hele Europa. Lad os tage et kig p\u00e5, hvad der ligger bag, og hvad det betyder for dig.\" \/>\n<meta property=\"og:url\" content=\"https:\/\/freightsolution.io\/da\/blog\/vejtransport-prisstigninger\/\" \/>\n<meta property=\"og:site_name\" content=\"FreightSolution\" \/>\n<meta property=\"article:publisher\" content=\"https:\/\/www.facebook.com\/freightsolutiondk\" \/>\n<meta property=\"article:published_time\" content=\"2025-10-28T14:26:32+00:00\" \/>\n<meta property=\"article:modified_time\" content=\"2025-10-28T14:30:11+00:00\" \/>\n<meta property=\"og:image\" content=\"https:\/\/freightsolution.io\/wp-content\/uploads\/2025\/08\/modern-semi-truck-on-a-highway-right-before-strong-2023-11-27-05-19-11-utc.jpg\" \/>\n\t<meta property=\"og:image:width\" content=\"1000\" \/>\n\t<meta property=\"og:image:height\" content=\"666\" \/>\n\t<meta property=\"og:image:type\" content=\"image\/jpeg\" \/>\n<meta name=\"author\" content=\"Andr\u00e9 Lundberg\" \/>\n<meta name=\"twitter:label1\" content=\"Skrevet af\" \/>\n\t<meta name=\"twitter:data1\" content=\"Andr\u00e9 Lundberg\" \/>\n\t<meta name=\"twitter:label2\" content=\"Estimeret l\u00e6setid\" \/>\n\t<meta name=\"twitter:data2\" content=\"2 minutter\" \/>\n<script type=\"application\/ld+json\" class=\"yoast-schema-graph\">{\"@context\":\"https:\\\/\\\/schema.org\",\"@graph\":[{\"@type\":\"Article\",\"@id\":\"https:\\\/\\\/freightsolution.io\\\/da\\\/blog\\\/vejtransport-prisstigninger\\\/#article\",\"isPartOf\":{\"@id\":\"https:\\\/\\\/freightsolution.io\\\/da\\\/blog\\\/vejtransport-prisstigninger\\\/\"},\"author\":{\"name\":\"Andr\u00e9 Lundberg\",\"@id\":\"https:\\\/\\\/freightsolution.io\\\/#\\\/schema\\\/person\\\/eb096218190f46772626c85e21c42eef\"},\"headline\":\"Prisstigninger p\u00e5 vejtransport fra 1. november\",\"datePublished\":\"2025-10-28T14:26:32+00:00\",\"dateModified\":\"2025-10-28T14:30:11+00:00\",\"mainEntityOfPage\":{\"@id\":\"https:\\\/\\\/freightsolution.io\\\/da\\\/blog\\\/vejtransport-prisstigninger\\\/\"},\"wordCount\":200,\"publisher\":{\"@id\":\"https:\\\/\\\/freightsolution.io\\\/#organization\"},\"image\":{\"@id\":\"https:\\\/\\\/freightsolution.io\\\/da\\\/blog\\\/vejtransport-prisstigninger\\\/#primaryimage\"},\"thumbnailUrl\":\"https:\\\/\\\/i0.wp.com\\\/freightsolution.io\\\/wp-content\\\/uploads\\\/2025\\\/08\\\/modern-semi-truck-on-a-highway-right-before-strong-2023-11-27-05-19-11-utc.jpg?fit=1000%2C666&ssl=1\",\"keywords\":[\"Logistik\"],\"articleSection\":[\"blog\"],\"inLanguage\":\"da-DK\"},{\"@type\":\"WebPage\",\"@id\":\"https:\\\/\\\/freightsolution.io\\\/da\\\/blog\\\/vejtransport-prisstigninger\\\/\",\"url\":\"https:\\\/\\\/freightsolution.io\\\/da\\\/blog\\\/vejtransport-prisstigninger\\\/\",\"name\":\"Prisstigninger p\u00e5 vejtransport fra 1. november\",\"isPartOf\":{\"@id\":\"https:\\\/\\\/freightsolution.io\\\/#website\"},\"primaryImageOfPage\":{\"@id\":\"https:\\\/\\\/freightsolution.io\\\/da\\\/blog\\\/vejtransport-prisstigninger\\\/#primaryimage\"},\"image\":{\"@id\":\"https:\\\/\\\/freightsolution.io\\\/da\\\/blog\\\/vejtransport-prisstigninger\\\/#primaryimage\"},\"thumbnailUrl\":\"https:\\\/\\\/i0.wp.com\\\/freightsolution.io\\\/wp-content\\\/uploads\\\/2025\\\/08\\\/modern-semi-truck-on-a-highway-right-before-strong-2023-11-27-05-19-11-utc.jpg?fit=1000%2C666&ssl=1\",\"datePublished\":\"2025-10-28T14:26:32+00:00\",\"dateModified\":\"2025-10-28T14:30:11+00:00\",\"breadcrumb\":{\"@id\":\"https:\\\/\\\/freightsolution.io\\\/da\\\/blog\\\/vejtransport-prisstigninger\\\/#breadcrumb\"},\"inLanguage\":\"da-DK\",\"potentialAction\":[{\"@type\":\"ReadAction\",\"target\":[\"https:\\\/\\\/freightsolution.io\\\/da\\\/blog\\\/vejtransport-prisstigninger\\\/\"]}]},{\"@type\":\"ImageObject\",\"inLanguage\":\"da-DK\",\"@id\":\"https:\\\/\\\/freightsolution.io\\\/da\\\/blog\\\/vejtransport-prisstigninger\\\/#primaryimage\",\"url\":\"https:\\\/\\\/i0.wp.com\\\/freightsolution.io\\\/wp-content\\\/uploads\\\/2025\\\/08\\\/modern-semi-truck-on-a-highway-right-before-strong-2023-11-27-05-19-11-utc.jpg?fit=1000%2C666&ssl=1\",\"contentUrl\":\"https:\\\/\\\/i0.wp.com\\\/freightsolution.io\\\/wp-content\\\/uploads\\\/2025\\\/08\\\/modern-semi-truck-on-a-highway-right-before-strong-2023-11-27-05-19-11-utc.jpg?fit=1000%2C666&ssl=1\",\"width\":1000,\"height\":666},{\"@type\":\"BreadcrumbList\",\"@id\":\"https:\\\/\\\/freightsolution.io\\\/da\\\/blog\\\/vejtransport-prisstigninger\\\/#breadcrumb\",\"itemListElement\":[{\"@type\":\"ListItem\",\"position\":1,\"name\":\"Home\",\"item\":\"https:\\\/\\\/freightsolution.io\\\/\"},{\"@type\":\"ListItem\",\"position\":2,\"name\":\"blog\",\"item\":\"https:\\\/\\\/freightsolution.io\\\/da\\\/category\\\/blog\\\/\"},{\"@type\":\"ListItem\",\"position\":3,\"name\":\"Prisstigninger p\u00e5 vejtransport fra 1. november\"}]},{\"@type\":\"WebSite\",\"@id\":\"https:\\\/\\\/freightsolution.io\\\/#website\",\"url\":\"https:\\\/\\\/freightsolution.io\\\/\",\"name\":\"FreightSolution\",\"description\":\"Freight Made Simple\",\"publisher\":{\"@id\":\"https:\\\/\\\/freightsolution.io\\\/#organization\"},\"potentialAction\":[{\"@type\":\"SearchAction\",\"target\":{\"@type\":\"EntryPoint\",\"urlTemplate\":\"https:\\\/\\\/freightsolution.io\\\/?s={search_term_string}\"},\"query-input\":{\"@type\":\"PropertyValueSpecification\",\"valueRequired\":true,\"valueName\":\"search_term_string\"}}],\"inLanguage\":\"da-DK\"},{\"@type\":\"Organization\",\"@id\":\"https:\\\/\\\/freightsolution.io\\\/#organization\",\"name\":\"FreightSolution\",\"url\":\"https:\\\/\\\/freightsolution.io\\\/\",\"logo\":{\"@type\":\"ImageObject\",\"inLanguage\":\"da-DK\",\"@id\":\"https:\\\/\\\/freightsolution.io\\\/#\\\/schema\\\/logo\\\/image\\\/\",\"url\":\"https:\\\/\\\/freightsolution.io\\\/wp-content\\\/uploads\\\/2023\\\/06\\\/logo_files_full_logo_orginal.svg\",\"contentUrl\":\"https:\\\/\\\/freightsolution.io\\\/wp-content\\\/uploads\\\/2023\\\/06\\\/logo_files_full_logo_orginal.svg\",\"width\":1332,\"height\":324,\"caption\":\"FreightSolution\"},\"image\":{\"@id\":\"https:\\\/\\\/freightsolution.io\\\/#\\\/schema\\\/logo\\\/image\\\/\"},\"sameAs\":[\"https:\\\/\\\/www.facebook.com\\\/freightsolutiondk\",\"https:\\\/\\\/www.linkedin.com\\\/company\\\/freightsolution\\\/\"]},{\"@type\":\"Person\",\"@id\":\"https:\\\/\\\/freightsolution.io\\\/#\\\/schema\\\/person\\\/eb096218190f46772626c85e21c42eef\",\"name\":\"Andr\u00e9 Lundberg\",\"image\":{\"@type\":\"ImageObject\",\"inLanguage\":\"da-DK\",\"@id\":\"https:\\\/\\\/secure.gravatar.com\\\/avatar\\\/647391f68f8d56babb5ff74e9737b86a0a4608e6e4666bff9bd78e987a9551d8?s=96&d=mm&r=g\",\"url\":\"https:\\\/\\\/secure.gravatar.com\\\/avatar\\\/647391f68f8d56babb5ff74e9737b86a0a4608e6e4666bff9bd78e987a9551d8?s=96&d=mm&r=g\",\"contentUrl\":\"https:\\\/\\\/secure.gravatar.com\\\/avatar\\\/647391f68f8d56babb5ff74e9737b86a0a4608e6e4666bff9bd78e987a9551d8?s=96&d=mm&r=g\",\"caption\":\"Andr\u00e9 Lundberg\"},\"description\":\"Andr\u00e9 Lundberg er CEO og Co-Founder af FreightSolution med over 13 \u00e5rs erfaring inden for fragt og logistik. Han er uddannet spedit\u00f8r og s\u00e5 har han siddet som b\u00e5de fragtk\u00f8ber og fragts\u00e6lger. Han kender derfor branchen og de udfordringer, man sidder med, fra begge sider af skrivebordet. Dagligt h\u00f8rer han om fragtmarkedet fra b\u00e5de logistikansvarlige, transport\u00f8rer og samarbejdspartnere. Men han er ogs\u00e5 den, der har n\u00e6sen l\u00e6ngst nede i vores data, der d\u00e6kker fragtomkostninger p\u00e5 tv\u00e6rs af +220 transport\u00f8rer og +16 lande. Han ved derfor altid, hvad der r\u00f8rer sig p\u00e5 markedet. Andr\u00e9 holder regelm\u00e6ssigt opl\u00e6g b\u00e5de internt og eksternt. Her har han holdt opl\u00e6g hos Erhvervshus Holstebro, Erhvervsr\u00e5det Herning &amp; Ikast-Brande samt for studerende p\u00e5 disponentuddannelsen.\",\"sameAs\":[\"http:\\\/\\\/freightsolutionio.wordpress.com\",\"https:\\\/\\\/www.linkedin.com\\\/in\\\/andr-lundberg-pedersen-617bbab9\\\/\"],\"url\":\"https:\\\/\\\/freightsolution.io\\\/da\\\/author\\\/alp7519a393f27f\\\/\"}]}<\/script>\n<!-- \/ Yoast SEO plugin. -->","yoast_head_json":{"title":"Prisstigninger p\u00e5 vejtransport fra 1. november","robots":{"index":"index","follow":"follow","max-snippet":"max-snippet:-1","max-image-preview":"max-image-preview:large","max-video-preview":"max-video-preview:-1"},"canonical":"https:\/\/freightsolution.io\/da\/blog\/vejtransport-prisstigninger\/","og_locale":"da_DK","og_type":"article","og_title":"Prisstigninger p\u00e5 vejtransport fra 1. november","og_description":"Fra 1. november 2025 kommer flere transport\u00f8rer med prisstigniner p\u00e5 vejtransport i hele Europa. Lad os tage et kig p\u00e5, hvad der ligger bag, og hvad det betyder for dig.","og_url":"https:\/\/freightsolution.io\/da\/blog\/vejtransport-prisstigninger\/","og_site_name":"FreightSolution","article_publisher":"https:\/\/www.facebook.com\/freightsolutiondk","article_published_time":"2025-10-28T14:26:32+00:00","article_modified_time":"2025-10-28T14:30:11+00:00","og_image":[{"width":1000,"height":666,"url":"https:\/\/freightsolution.io\/wp-content\/uploads\/2025\/08\/modern-semi-truck-on-a-highway-right-before-strong-2023-11-27-05-19-11-utc.jpg","type":"image\/jpeg"}],"author":"Andr\u00e9 Lundberg","twitter_misc":{"Skrevet af":"Andr\u00e9 Lundberg","Estimeret l\u00e6setid":"2 minutter"},"schema":{"@context":"https:\/\/schema.org","@graph":[{"@type":"Article","@id":"https:\/\/freightsolution.io\/da\/blog\/vejtransport-prisstigninger\/#article","isPartOf":{"@id":"https:\/\/freightsolution.io\/da\/blog\/vejtransport-prisstigninger\/"},"author":{"name":"Andr\u00e9 Lundberg","@id":"https:\/\/freightsolution.io\/#\/schema\/person\/eb096218190f46772626c85e21c42eef"},"headline":"Prisstigninger p\u00e5 vejtransport fra 1. november","datePublished":"2025-10-28T14:26:32+00:00","dateModified":"2025-10-28T14:30:11+00:00","mainEntityOfPage":{"@id":"https:\/\/freightsolution.io\/da\/blog\/vejtransport-prisstigninger\/"},"wordCount":200,"publisher":{"@id":"https:\/\/freightsolution.io\/#organization"},"image":{"@id":"https:\/\/freightsolution.io\/da\/blog\/vejtransport-prisstigninger\/#primaryimage"},"thumbnailUrl":"https:\/\/i0.wp.com\/freightsolution.io\/wp-content\/uploads\/2025\/08\/modern-semi-truck-on-a-highway-right-before-strong-2023-11-27-05-19-11-utc.jpg?fit=1000%2C666&ssl=1","keywords":["Logistik"],"articleSection":["blog"],"inLanguage":"da-DK"},{"@type":"WebPage","@id":"https:\/\/freightsolution.io\/da\/blog\/vejtransport-prisstigninger\/","url":"https:\/\/freightsolution.io\/da\/blog\/vejtransport-prisstigninger\/","name":"Prisstigninger p\u00e5 vejtransport fra 1. november","isPartOf":{"@id":"https:\/\/freightsolution.io\/#website"},"primaryImageOfPage":{"@id":"https:\/\/freightsolution.io\/da\/blog\/vejtransport-prisstigninger\/#primaryimage"},"image":{"@id":"https:\/\/freightsolution.io\/da\/blog\/vejtransport-prisstigninger\/#primaryimage"},"thumbnailUrl":"https:\/\/i0.wp.com\/freightsolution.io\/wp-content\/uploads\/2025\/08\/modern-semi-truck-on-a-highway-right-before-strong-2023-11-27-05-19-11-utc.jpg?fit=1000%2C666&ssl=1","datePublished":"2025-10-28T14:26:32+00:00","dateModified":"2025-10-28T14:30:11+00:00","breadcrumb":{"@id":"https:\/\/freightsolution.io\/da\/blog\/vejtransport-prisstigninger\/#breadcrumb"},"inLanguage":"da-DK","potentialAction":[{"@type":"ReadAction","target":["https:\/\/freightsolution.io\/da\/blog\/vejtransport-prisstigninger\/"]}]},{"@type":"ImageObject","inLanguage":"da-DK","@id":"https:\/\/freightsolution.io\/da\/blog\/vejtransport-prisstigninger\/#primaryimage","url":"https:\/\/i0.wp.com\/freightsolution.io\/wp-content\/uploads\/2025\/08\/modern-semi-truck-on-a-highway-right-before-strong-2023-11-27-05-19-11-utc.jpg?fit=1000%2C666&ssl=1","contentUrl":"https:\/\/i0.wp.com\/freightsolution.io\/wp-content\/uploads\/2025\/08\/modern-semi-truck-on-a-highway-right-before-strong-2023-11-27-05-19-11-utc.jpg?fit=1000%2C666&ssl=1","width":1000,"height":666},{"@type":"BreadcrumbList","@id":"https:\/\/freightsolution.io\/da\/blog\/vejtransport-prisstigninger\/#breadcrumb","itemListElement":[{"@type":"ListItem","position":1,"name":"Home","item":"https:\/\/freightsolution.io\/"},{"@type":"ListItem","position":2,"name":"blog","item":"https:\/\/freightsolution.io\/da\/category\/blog\/"},{"@type":"ListItem","position":3,"name":"Prisstigninger p\u00e5 vejtransport fra 1. november"}]},{"@type":"WebSite","@id":"https:\/\/freightsolution.io\/#website","url":"https:\/\/freightsolution.io\/","name":"FreightSolution","description":"Freight Made Simple","publisher":{"@id":"https:\/\/freightsolution.io\/#organization"},"potentialAction":[{"@type":"SearchAction","target":{"@type":"EntryPoint","urlTemplate":"https:\/\/freightsolution.io\/?s={search_term_string}"},"query-input":{"@type":"PropertyValueSpecification","valueRequired":true,"valueName":"search_term_string"}}],"inLanguage":"da-DK"},{"@type":"Organization","@id":"https:\/\/freightsolution.io\/#organization","name":"FreightSolution","url":"https:\/\/freightsolution.io\/","logo":{"@type":"ImageObject","inLanguage":"da-DK","@id":"https:\/\/freightsolution.io\/#\/schema\/logo\/image\/","url":"https:\/\/freightsolution.io\/wp-content\/uploads\/2023\/06\/logo_files_full_logo_orginal.svg","contentUrl":"https:\/\/freightsolution.io\/wp-content\/uploads\/2023\/06\/logo_files_full_logo_orginal.svg","width":1332,"height":324,"caption":"FreightSolution"},"image":{"@id":"https:\/\/freightsolution.io\/#\/schema\/logo\/image\/"},"sameAs":["https:\/\/www.facebook.com\/freightsolutiondk","https:\/\/www.linkedin.com\/company\/freightsolution\/"]},{"@type":"Person","@id":"https:\/\/freightsolution.io\/#\/schema\/person\/eb096218190f46772626c85e21c42eef","name":"Andr\u00e9 Lundberg","image":{"@type":"ImageObject","inLanguage":"da-DK","@id":"https:\/\/secure.gravatar.com\/avatar\/647391f68f8d56babb5ff74e9737b86a0a4608e6e4666bff9bd78e987a9551d8?s=96&d=mm&r=g","url":"https:\/\/secure.gravatar.com\/avatar\/647391f68f8d56babb5ff74e9737b86a0a4608e6e4666bff9bd78e987a9551d8?s=96&d=mm&r=g","contentUrl":"https:\/\/secure.gravatar.com\/avatar\/647391f68f8d56babb5ff74e9737b86a0a4608e6e4666bff9bd78e987a9551d8?s=96&d=mm&r=g","caption":"Andr\u00e9 Lundberg"},"description":"Andr\u00e9 Lundberg er CEO og Co-Founder af FreightSolution med over 13 \u00e5rs erfaring inden for fragt og logistik. Han er uddannet spedit\u00f8r og s\u00e5 har han siddet som b\u00e5de fragtk\u00f8ber og fragts\u00e6lger. Han kender derfor branchen og de udfordringer, man sidder med, fra begge sider af skrivebordet. Dagligt h\u00f8rer han om fragtmarkedet fra b\u00e5de logistikansvarlige, transport\u00f8rer og samarbejdspartnere. Men han er ogs\u00e5 den, der har n\u00e6sen l\u00e6ngst nede i vores data, der d\u00e6kker fragtomkostninger p\u00e5 tv\u00e6rs af +220 transport\u00f8rer og +16 lande. Han ved derfor altid, hvad der r\u00f8rer sig p\u00e5 markedet. Andr\u00e9 holder regelm\u00e6ssigt opl\u00e6g b\u00e5de internt og eksternt. Her har han holdt opl\u00e6g hos Erhvervshus Holstebro, Erhvervsr\u00e5det Herning &amp; Ikast-Brande samt for studerende p\u00e5 disponentuddannelsen.","sameAs":["http:\/\/freightsolutionio.wordpress.com","https:\/\/www.linkedin.com\/in\/andr-lundberg-pedersen-617bbab9\/"],"url":"https:\/\/freightsolution.io\/da\/author\/alp7519a393f27f\/"}]}},"jetpack_featured_media_url":"https:\/\/i0.wp.com\/freightsolution.io\/wp-content\/uploads\/2025\/08\/modern-semi-truck-on-a-highway-right-before-strong-2023-11-27-05-19-11-utc.jpg?fit=1000%2C666&ssl=1","jetpack_sharing_enabled":true,"_links":{"self":[{"href":"https:\/\/freightsolution.io\/da\/wp-json\/wp\/v2\/posts\/12840","targetHints":{"allow":["GET"]}}],"collection":[{"href":"https:\/\/freightsolution.io\/da\/wp-json\/wp\/v2\/posts"}],"about":[{"href":"https:\/\/freightsolution.io\/da\/wp-json\/wp\/v2\/types\/post"}],"author":[{"embeddable":true,"href":"https:\/\/freightsolution.io\/da\/wp-json\/wp\/v2\/users\/236854161"}],"replies":[{"embeddable":true,"href":"https:\/\/freightsolution.io\/da\/wp-json\/wp\/v2\/comments?post=12840"}],"version-history":[{"count":14,"href":"https:\/\/freightsolution.io\/da\/wp-json\/wp\/v2\/posts\/12840\/revisions"}],"predecessor-version":[{"id":12863,"href":"https:\/\/freightsolution.io\/da\/wp-json\/wp\/v2\/posts\/12840\/revisions\/12863"}],"wp:featuredmedia":[{"embeddable":true,"href":"https:\/\/freightsolution.io\/da\/wp-json\/wp\/v2\/media\/11304"}],"wp:attachment":[{"href":"https:\/\/freightsolution.io\/da\/wp-json\/wp\/v2\/media?parent=12840"}],"wp:term":[{"taxonomy":"category","embeddable":true,"href":"https:\/\/freightsolution.io\/da\/wp-json\/wp\/v2\/categories?post=12840"},{"taxonomy":"post_tag","embeddable":true,"href":"https:\/\/freightsolution.io\/da\/wp-json\/wp\/v2\/tags?post=12840"}],"curies":[{"name":"wp","href":"https:\/\/api.w.org\/{rel}","templated":true}]}}